[{"@context":"https:\/\/schema.org\/","@type":"Article","@id":"https:\/\/www.krahula.cz\/jsme-odbornici-na-velky-uklid\/#Article","mainEntityOfPage":"https:\/\/www.krahula.cz\/jsme-odbornici-na-velky-uklid\/","headline":"Jsme odborn\u00edci na velk\u00fd \u00faklid","name":"Jsme odborn\u00edci na velk\u00fd \u00faklid","description":"Nem\u00e1te \u010das na velk\u00e9 sv\u00e1te\u010dn\u00ed \u00faklidy? Nest\u00edh\u00e1te a va\u0161e s\u00edly u\u017e na v\u0161echno nesta\u010d\u00ed? Snadn\u00e1 pomoc. Obra\u0165te se na na\u0161i firmu, kter\u00e1 se zam\u011b\u0159uje na \u010di\u0161t\u011bn\u00ed koberc\u016f Praha, a my V\u00e1m d\u00e1me do po\u0159\u00e1dku nejen to. Na\u0161e slu\u017eby m\u016f\u017eete vyu\u017e\u00edt takt\u00e9\u017e pro myt\u00ed oken a r\u00e1m\u016f, \u010daloun\u011bn\u00ed, pohovek a celkov\u011b V\u00e1m poskytneme slu\u017eby, kter\u00e9 se [&hellip;]","datePublished":"2023-06-17","dateModified":"2024-06-21","author":{"@type":"Person","@id":"https:\/\/www.krahula.cz\/author\/devene\/#Person","name":"devene","url":"https:\/\/www.krahula.cz\/author\/devene\/","identifier":1,"image":{"@type":"ImageObject","@id":"https:\/\/secure.gravatar.com\/avatar\/82449f5dd313bdc88befc1a2d3138ce45c5e7d5eeee84221e3cf7fbc184b80d3?s=96&d=mm&r=g","url":"https:\/\/secure.gravatar.com\/avatar\/82449f5dd313bdc88befc1a2d3138ce45c5e7d5eeee84221e3cf7fbc184b80d3?s=96&d=mm&r=g","height":96,"width":96}},"publisher":{"@type":"Organization","name":"krahula.cz","logo":{"@type":"ImageObject","@id":"\/logo.png","url":"\/logo.png","width":600,"height":60}},"url":"https:\/\/www.krahula.cz\/jsme-odbornici-na-velky-uklid\/","wordCount":174,"articleBody":"Nem\u00e1te \u010das na velk\u00e9 sv\u00e1te\u010dn\u00ed \u00faklidy? Nest\u00edh\u00e1te a va\u0161e s\u00edly u\u017e na v\u0161echno nesta\u010d\u00ed? Snadn\u00e1 pomoc. Obra\u0165te se na na\u0161i firmu, kter\u00e1 se zam\u011b\u0159uje na \u010di\u0161t\u011bn\u00ed koberc\u016f Praha, a my V\u00e1m d\u00e1me do po\u0159\u00e1dku nejen to. Na\u0161e slu\u017eby m\u016f\u017eete vyu\u017e\u00edt takt\u00e9\u017e pro myt\u00ed oken a r\u00e1m\u016f, \u010daloun\u011bn\u00ed, pohovek a celkov\u011b V\u00e1m poskytneme slu\u017eby, kter\u00e9 se t\u00fdkaj\u00ed \u00faklidu.\tU n\u00e1s z\u00edsk\u00e1te kvalitu za n\u00edzkou cenuNa\u0161e pr\u00e1ce odveden\u00e1 vy\u0161kolen\u00fdmi zam\u011bstnanci je kvalitn\u011b odveden\u00e1, co\u017e si samoz\u0159ejm\u011b m\u016f\u017eete sami zkontrolovat. Na\u0161e nab\u00edzen\u00e9 slu\u017eby si m\u016f\u017eete u n\u00e1s objednat u\u017e od 9 korun za metr \u010dtvere\u010dn\u00ed, co\u017e je v\u00fdborn\u00e1 cena. Sami po proveden\u00ed slu\u017eeb uvid\u00edte, \u017ee to za kvalitn\u00ed \u010di\u0161t\u011bn\u00ed ur\u010dit\u011b stoj\u00ed a V\u00e1\u0161 n\u00e1bytek V\u00e1m bude slou\u017eit je\u0161t\u011b dlouh\u00e1 l\u00e9ta ve staronov\u00e9m proveden\u00ed.                                                                                                                                                                                                                                                                                                                                                                                                "},{"@context":"https:\/\/schema.org\/","@type":"BreadcrumbList","itemListElement":[{"@type":"ListItem","position":1,"name":"Jsme odborn\u00edci na velk\u00fd \u00faklid","item":"https:\/\/www.krahula.cz\/jsme-odbornici-na-velky-uklid\/#breadcrumbitem"}]}]