[{"@context":"https:\/\/schema.org\/","@type":"Article","@id":"https:\/\/www.krahula.cz\/priznaky-menopauzy\/#Article","mainEntityOfPage":"https:\/\/www.krahula.cz\/priznaky-menopauzy\/","headline":"P\u0159\u00edznaky menopauzy!","name":"P\u0159\u00edznaky menopauzy!","description":"Klimakteriumje tu! Ur\u010dit\u011b jste ji\u017e o menopauze sly\u0161ela. Nen\u00ed to \u017e\u00e1dn\u00fd nov\u00fd v\u00fdraz, ka\u017edou \u017eenu to jednou potk\u00e1. N\u011bkterou z n\u00e1s d\u0159\u00edve, n\u011bkterou zase pozd\u011bji. Faktem je, \u017ee do tohoto obdob\u00ed ka\u017ed\u00e1 jednou dosp\u011bjeme. V\u011bt\u0161inou v\u0161ak toto obdob\u00ed p\u0159ich\u00e1z\u00ed kolem pades\u00e1t\u00e9ho roku \u017eivota \u017eeny. P\u0159\u00edznaky bl\u00ed\u017e\u00edc\u00ed se menopauzy jsou v\u0161ak viditeln\u00e9 ji\u017e mnohem d\u0159\u00edve. Po [&hellip;]","datePublished":"2024-12-21","dateModified":"2024-12-21","author":{"@type":"Person","@id":"https:\/\/www.krahula.cz\/author\/devene\/#Person","name":"devene","url":"https:\/\/www.krahula.cz\/author\/devene\/","identifier":1,"image":{"@type":"ImageObject","@id":"https:\/\/secure.gravatar.com\/avatar\/82449f5dd313bdc88befc1a2d3138ce45c5e7d5eeee84221e3cf7fbc184b80d3?s=96&d=mm&r=g","url":"https:\/\/secure.gravatar.com\/avatar\/82449f5dd313bdc88befc1a2d3138ce45c5e7d5eeee84221e3cf7fbc184b80d3?s=96&d=mm&r=g","height":96,"width":96}},"publisher":{"@type":"Organization","name":"krahula.cz","logo":{"@type":"ImageObject","@id":"\/logo.png","url":"\/logo.png","width":600,"height":60}},"url":"https:\/\/www.krahula.cz\/priznaky-menopauzy\/","wordCount":172,"articleBody":"Klimakteriumje tu! Ur\u010dit\u011b jste ji\u017e o menopauze sly\u0161ela. Nen\u00ed to \u017e\u00e1dn\u00fd nov\u00fd v\u00fdraz, ka\u017edou \u017eenu to jednou potk\u00e1. N\u011bkterou z n\u00e1s d\u0159\u00edve, n\u011bkterou zase pozd\u011bji. Faktem je, \u017ee do tohoto obdob\u00ed ka\u017ed\u00e1 jednou dosp\u011bjeme. V\u011bt\u0161inou v\u0161ak toto obdob\u00ed p\u0159ich\u00e1z\u00ed kolem pades\u00e1t\u00e9ho roku \u017eivota \u017eeny. P\u0159\u00edznaky bl\u00ed\u017e\u00edc\u00ed se menopauzy jsou v\u0161ak viditeln\u00e9 ji\u017e mnohem d\u0159\u00edve. Po \u010dty\u0159ic\u00e1t\u00e9m roku, u n\u011bkter\u00fdch \u017een i d\u0159\u00edve, doch\u00e1z\u00ed k \u00fatlumu \u010dinnosti vaje\u010dn\u00edk\u016f a tedy k poklesu hormon\u00e1ln\u00ed sekrece. Tedy toto obdob\u00ed p\u0159in\u00e1\u0161\u00ed \u017een\u00e1m ztr\u00e1tu plodnosti a je ob\u00e1van\u00fdm a rozhoduj\u00edc\u00edm obdob\u00edm \u017eivota ka\u017ed\u00e9 \u017eeny. Je\u0161t\u011b nev\u00edte? S nar\u016fstaj\u00edc\u00edm v\u011bkem pak kles\u00e1 tak\u00e9 produkce estrogenu a \u017eensk\u00e9 t\u011blo se m\u011bn\u00ed. \u017deny v tomto obdob\u00ed pak maj\u00ed doje, \u017ee ztr\u00e1c\u00ed svoji vitalitu, \u0161arm, \u0161mrnc a hlavn\u011b pr\u00e1v\u011b \u017eenskost.                                                                                                                                                                                                                                                                                                                                                                                                "},{"@context":"https:\/\/schema.org\/","@type":"BreadcrumbList","itemListElement":[{"@type":"ListItem","position":1,"name":"P\u0159\u00edznaky menopauzy!","item":"https:\/\/www.krahula.cz\/priznaky-menopauzy\/#breadcrumbitem"}]}]